{"id":1,"date":"2024-01-18T08:48:01","date_gmt":"2024-01-18T05:48:01","guid":{"rendered":"http:\/\/bekirkivrim.com.tr\/?p=1"},"modified":"2024-02-07T15:35:58","modified_gmt":"2024-02-07T12:35:58","slug":"merhaba-dunya","status":"publish","type":"post","link":"http:\/\/bekirkivrim.com.tr\/index.php\/2024\/01\/18\/merhaba-dunya\/","title":{"rendered":"Antalya Ak Parti D\u00f6\u015femealt\u0131 Belediye Ba\u015fkan Adaylar\u0131 Dr. Ramazan G\u00fcrkan, Cemil T\u00fcrker, Mustafa Topta\u015f, Cihan Bulut ve Bekir K\u0131vr\u0131m"},"content":{"rendered":"\n<h2 class=\"wp-block-heading\">Antalya Ak Parti D\u00f6\u015femealt\u0131 Belediye Ba\u015fkan Adaylar\u0131 Kimler oldu Dr. Ramazan G\u00fcrkan, Cemil T\u00fcrker, Mustafa Topta\u015f, Cihan Bulut ve Bekir K\u0131vr\u0131m<\/h2>\n\n\n\n<figure class=\"wp-block-image size-full\"><img fetchpriority=\"high\" decoding=\"async\" width=\"963\" height=\"724\" src=\"http:\/\/bekirkivrim.com.tr\/wp-content\/uploads\/2024\/01\/Bekir_Kivrim6.jpg\" alt=\"\" class=\"wp-image-70\" srcset=\"http:\/\/bekirkivrim.com.tr\/wp-content\/uploads\/2024\/01\/Bekir_Kivrim6.jpg 963w, http:\/\/bekirkivrim.com.tr\/wp-content\/uploads\/2024\/01\/Bekir_Kivrim6-300x226.jpg 300w, http:\/\/bekirkivrim.com.tr\/wp-content\/uploads\/2024\/01\/Bekir_Kivrim6-768x577.jpg 768w\" sizes=\"(max-width: 963px) 100vw, 963px\" \/><\/figure>\n\n\n\n<p><a href=\"https:\/\/www.nnchaber.com\/antalya-ak-parti-dosemealti-belediye-baskan-adaylari-dr-ramazan-gurkan-cemil-turker-mustafa-toptas-cihan-bulut-ve-bekir-kivrim\">https:\/\/www.nnchaber.com\/antalya-ak-parti-dosemealti-belediye-baskan-adaylari-dr-ramazan-gurkan-cemil-turker-mustafa-toptas-cihan-bulut-ve-bekir-kivrim<\/a><\/p>\n","protected":false},"excerpt":{"rendered":"<p>Antalya Ak Parti D\u00f6\u015femealt\u0131 Belediye Ba\u015fkan Adaylar\u0131 Kimler oldu Dr. Ramazan G\u00fcrkan, Cemil T\u00fcrker, Mustafa Topta\u015f, Cihan Bulut ve Bekir K\u0131vr\u0131m https:\/\/www.nnchaber.com\/antalya-ak-parti-dosemealti-belediye-baskan-adaylari-dr-ramazan-gurkan-cemil-turker-mustafa-toptas-cihan-bulut-ve-bekir-kivrim<\/p>\n","protected":false},"author":1,"featured_media":70,"comment_status":"closed","ping_status":"open","sticky":false,"template":"","format":"standard","meta":{"footnotes":""},"categories":[1],"tags":[],"class_list":["post-1","post","type-post","status-publish","format-standard","has-post-thumbnail","hentry","category-genel"],"_links":{"self":[{"href":"http:\/\/bekirkivrim.com.tr\/index.php\/wp-json\/wp\/v2\/posts\/1","targetHints":{"allow":["GET"]}}],"collection":[{"href":"http:\/\/bekirkivrim.com.tr\/index.php\/wp-json\/wp\/v2\/posts"}],"about":[{"href":"http:\/\/bekirkivrim.com.tr\/index.php\/wp-json\/wp\/v2\/types\/post"}],"author":[{"embeddable":true,"href":"http:\/\/bekirkivrim.com.tr\/index.php\/wp-json\/wp\/v2\/users\/1"}],"replies":[{"embeddable":true,"href":"http:\/\/bekirkivrim.com.tr\/index.php\/wp-json\/wp\/v2\/comments?post=1"}],"version-history":[{"count":2,"href":"http:\/\/bekirkivrim.com.tr\/index.php\/wp-json\/wp\/v2\/posts\/1\/revisions"}],"predecessor-version":[{"id":101,"href":"http:\/\/bekirkivrim.com.tr\/index.php\/wp-json\/wp\/v2\/posts\/1\/revisions\/101"}],"wp:featuredmedia":[{"embeddable":true,"href":"http:\/\/bekirkivrim.com.tr\/index.php\/wp-json\/wp\/v2\/media\/70"}],"wp:attachment":[{"href":"http:\/\/bekirkivrim.com.tr\/index.php\/wp-json\/wp\/v2\/media?parent=1"}],"wp:term":[{"taxonomy":"category","embeddable":true,"href":"http:\/\/bekirkivrim.com.tr\/index.php\/wp-json\/wp\/v2\/categories?post=1"},{"taxonomy":"post_tag","embeddable":true,"href":"http:\/\/bekirkivrim.com.tr\/index.php\/wp-json\/wp\/v2\/tags?post=1"}],"curies":[{"name":"wp","href":"https:\/\/api.w.org\/{rel}","templated":true}]}}