{"id":1320,"date":"2024-02-21T14:22:46","date_gmt":"2024-02-21T11:22:46","guid":{"rendered":"https:\/\/bekirkivrim.com.tr\/?p=1320"},"modified":"2024-02-21T14:23:06","modified_gmt":"2024-02-21T11:23:06","slug":"ak-parti-dosemealti-belediye-baskan-adayi-bekir-kivrim-oldu","status":"publish","type":"post","link":"http:\/\/bekirkivrim.com.tr\/index.php\/2024\/02\/21\/ak-parti-dosemealti-belediye-baskan-adayi-bekir-kivrim-oldu\/","title":{"rendered":"Ak Parti D\u00f6\u015femealt\u0131 Belediye Ba\u015fkan Aday\u0131 Bekir K\u0131vr\u0131m oldu"},"content":{"rendered":"\n<p>31 Mart 2024 pazar g\u00fcn\u00fc yap\u0131lacak yerel se\u00e7imlerde Ak parti Antalya D\u00f6\u015femealt\u0131 Belediye Ba\u015fkan Aday\u0131 Bekir K\u0131vr\u0131m oldu. Bekir K\u0131vr\u0131m Kimdir .<\/p>\n\n\n\n<p>31 Mart 2024 pazar g\u00fcn\u00fc yap\u0131lacak yerel se\u00e7imlerde Ak parti Antalya D\u00f6\u015femealt\u0131 Belediye Ba\u015fkan Aday\u0131 Bekir K\u0131vr\u0131m oldu.&nbsp;<\/p>\n\n\n\n<h2 class=\"wp-block-heading\"><strong>Bekir K\u0131vr\u0131m Kimdir ?<\/strong><\/h2>\n\n\n\n<p>2000 y\u0131l\u0131ndan 2009 y\u0131l\u0131na kadar \u00f6zel sekt\u00f6r\u00fcn \u00e7e\u015fitli dallar\u0131nda y\u00f6netici pozisyonunda \u00e7al\u0131\u015ft\u0131. Bu s\u00fcre\u00e7te, 2002-2003 y\u0131llar\u0131 aras\u0131nda vatan\u0131m i\u00e7in Erzurum&#8217;un so\u011fuk topraklar\u0131nda vatani g\u00f6revimi yerine getirdi. Bu s\u00fcre\u00e7te, 2004 y\u0131l\u0131nda Melek K\u0131v\u0131r\u0131m ile hayat\u0131m\u0131n en g\u00fczel yolculu\u011funa \u00e7\u0131kt\u0131m ve \u00fc\u00e7 muhte\u015fem \u00e7ocu\u011fun babas\u0131 oldu.<\/p>\n\n\n\n<p>2005 y\u0131l\u0131nda serbest muhasebeci mali m\u00fc\u015favir \u00fcnvan\u0131n\u0131 alarak mesle\u011fimi daha da ileriye ta\u015f\u0131d\u0131m ve ayn\u0131 y\u0131l Antalya Serbest Muhasebeci Mali M\u00fc\u015favirler Odas\u0131&#8217;na kayd\u0131m\u0131 yapt\u0131rd\u0131m. 2009 y\u0131l\u0131ndan bu yana kendi i\u015fyerimde serbest muhasebeci mali m\u00fc\u015favirlik yapmakta.<\/p>\n\n\n\n<p>AK Parti Elmal\u0131 Belediye Ba\u015fkan Aday\u0131 Ali G\u00f6k\u00e7e kimdir ka\u00e7 ya\u015f\u0131nda nereli?<br>AK Parti Elmal\u0131 Belediye Ba\u015fkan Aday\u0131 Ali G\u00f6k\u00e7e kimdir ka\u00e7 ya\u015f\u0131nda nereli?<br>2016-2019 y\u0131llar\u0131 aras\u0131nda Antalya Serbest Muhasebeci Mali M\u00fc\u015favirler Odas\u0131&#8217;nda oda y\u00f6neticisi olarak g\u00f6rev ald\u0131m ve 2016-2022 y\u0131llar\u0131 aras\u0131nda 2 d\u00f6nem T\u00fcrmob \u00fcst delegeli\u011fi yapt\u0131. Partimin kurulu\u015fundan 2011 y\u0131l\u0131na kadar \u00e7e\u015fitli g\u00f6revlerde bulundu. 2011 y\u0131l\u0131nda yap\u0131lan 2. D\u00f6\u015femealt\u0131 ola\u011fan il\u00e7e kongresinde yedek y\u00f6netim kurulu \u00fcyesi se\u00e7ilerek, 2011-2014 y\u0131llar\u0131 aras\u0131nda il\u00e7e te\u015fkilat\u0131nda g\u00f6rev ald\u0131.<\/p>\n\n\n\n<p>2014 yerel se\u00e7imlerinde D\u00f6\u015femealt\u0131 Belediye Meclis \u00dcyeli\u011fi i\u00e7in kontenjan 1. s\u0131radan aday oldum ve ayn\u0131 y\u0131l yap\u0131lan 3. ola\u011fan il\u00e7e kongresinde y\u00f6netim kurulu \u00fcyesi se\u00e7ilerek te\u015fkilatlardan sorumlu il\u00e7e ba\u015fkan yard\u0131mc\u0131l\u0131\u011f\u0131 g\u00f6revini \u00fcstlendi. 2014-2017 y\u0131llar\u0131 aras\u0131nda il\u00e7e te\u015fkilat ba\u015fkan\u0131 olarak g\u00f6rev ald\u0131.<\/p>\n\n\n\n<p>2017 y\u0131l\u0131nda yap\u0131lan 4. ola\u011fan il\u00e7e kongresinde D\u00f6\u015femealt\u0131 \u0130l\u00e7e Ba\u015fkan\u0131 se\u00e7ildi ve 2020 y\u0131l\u0131nda yap\u0131lan 5. ola\u011fan il\u00e7e kongresinde g\u00fcven tazelererek tekrar D\u00f6\u015femealt\u0131 \u0130l\u00e7e Ba\u015fkan\u0131 se\u00e7ildi. Ancak 29 A\u011fustos 2023 tarihinde AK Parti D\u00f6\u015femealt\u0131 \u0130l\u00e7e Belediye Ba\u015fkan aday adayl\u0131\u011f\u0131 i\u00e7in il\u00e7e ba\u015fkanl\u0131\u011f\u0131ndan istifa etti.<\/p>\n\n\n\n<p>Bekir K\u0131vr\u0131m ka\u00e7 ya\u015f\u0131nda?<br>Bekir K\u0131vr\u0131m 23 Mart 1978 tarihinde do\u011fmu\u015ftur ve 2024 y\u0131l\u0131nda 46 ya\u015f\u0131ndad\u0131r.<\/p>\n\n\n\n<p>Bekir K\u0131vr\u0131m aslen nereli?<br>Bekir K\u0131vr\u0131m aslen Antalyal\u0131d\u0131r.<\/p>\n\n\n\n<p><\/p>\n\n\n\n<p><a href=\"https:\/\/www.nnchaber.com\/ak-parti-dosemealti-belediye-baskan-adayi-bekir-kivrim-oldu\">https:\/\/www.nnchaber.com\/ak-parti-dosemealti-belediye-baskan-adayi-bekir-kivrim-oldu<\/a><\/p>\n","protected":false},"excerpt":{"rendered":"<p>31 Mart 2024 pazar g\u00fcn\u00fc yap\u0131lacak yerel se\u00e7imlerde Ak parti Antalya D\u00f6\u015femealt\u0131 Belediye Ba\u015fkan Aday\u0131 Bekir K\u0131vr\u0131m oldu. Bekir K\u0131vr\u0131m Kimdir . 31 Mart 2024 pazar g\u00fcn\u00fc yap\u0131lacak yerel se\u00e7imlerde Ak parti Antalya D\u00f6\u015femealt\u0131 Belediye Ba\u015fkan Aday\u0131 Bekir K\u0131vr\u0131m oldu.&nbsp; Bekir K\u0131vr\u0131m Kimdir ? 2000 y\u0131l\u0131ndan 2009 y\u0131l\u0131na kadar \u00f6zel&#8230;<\/p>\n","protected":false},"author":1,"featured_media":1230,"comment_status":"open","ping_status":"open","sticky":false,"template":"","format":"standard","meta":{"footnotes":""},"categories":[1],"tags":[],"class_list":["post-1320","post","type-post","status-publish","format-standard","has-post-thumbnail","hentry","category-genel"],"_links":{"self":[{"href":"http:\/\/bekirkivrim.com.tr\/index.php\/wp-json\/wp\/v2\/posts\/1320","targetHints":{"allow":["GET"]}}],"collection":[{"href":"http:\/\/bekirkivrim.com.tr\/index.php\/wp-json\/wp\/v2\/posts"}],"about":[{"href":"http:\/\/bekirkivrim.com.tr\/index.php\/wp-json\/wp\/v2\/types\/post"}],"author":[{"embeddable":true,"href":"http:\/\/bekirkivrim.com.tr\/index.php\/wp-json\/wp\/v2\/users\/1"}],"replies":[{"embeddable":true,"href":"http:\/\/bekirkivrim.com.tr\/index.php\/wp-json\/wp\/v2\/comments?post=1320"}],"version-history":[{"count":2,"href":"http:\/\/bekirkivrim.com.tr\/index.php\/wp-json\/wp\/v2\/posts\/1320\/revisions"}],"predecessor-version":[{"id":1322,"href":"http:\/\/bekirkivrim.com.tr\/index.php\/wp-json\/wp\/v2\/posts\/1320\/revisions\/1322"}],"wp:featuredmedia":[{"embeddable":true,"href":"http:\/\/bekirkivrim.com.tr\/index.php\/wp-json\/wp\/v2\/media\/1230"}],"wp:attachment":[{"href":"http:\/\/bekirkivrim.com.tr\/index.php\/wp-json\/wp\/v2\/media?parent=1320"}],"wp:term":[{"taxonomy":"category","embeddable":true,"href":"http:\/\/bekirkivrim.com.tr\/index.php\/wp-json\/wp\/v2\/categories?post=1320"},{"taxonomy":"post_tag","embeddable":true,"href":"http:\/\/bekirkivrim.com.tr\/index.php\/wp-json\/wp\/v2\/tags?post=1320"}],"curies":[{"name":"wp","href":"https:\/\/api.w.org\/{rel}","templated":true}]}}