{"id":1323,"date":"2024-02-21T14:26:40","date_gmt":"2024-02-21T11:26:40","guid":{"rendered":"https:\/\/bekirkivrim.com.tr\/?p=1323"},"modified":"2024-02-21T14:26:59","modified_gmt":"2024-02-21T11:26:59","slug":"bekir-kivrimdan-ahde-vefa","status":"publish","type":"post","link":"http:\/\/bekirkivrim.com.tr\/index.php\/2024\/02\/21\/bekir-kivrimdan-ahde-vefa\/","title":{"rendered":"Bekir K\u0131vr\u0131m\u2019dan ahde vefa"},"content":{"rendered":"\n<p>Cumhur \u0130ttifak\u0131\u2019n\u0131n D\u00f6\u015femealt\u0131 Belediye Ba\u015fkan Aday\u0131 Bekir K\u0131vr\u0131m, \u00f6nceki d\u00f6nemlerde il\u00e7ede belediye ba\u015fkanl\u0131\u011f\u0131 yapan isimleri tek tek ziyaret etti. Ahde vefan\u0131n \u00f6nemini ortaya koyan K\u0131vr\u0131m, ziyaretlerinde eski ba\u015fkanlar\u0131n tecr\u00fcbelerinden faydaland\u0131.<\/p>\n\n\n\n<figure class=\"wp-block-image size-full\"><img fetchpriority=\"high\" decoding=\"async\" width=\"748\" height=\"413\" src=\"https:\/\/bekirkivrim.com.tr\/wp-content\/uploads\/2024\/02\/download.png\" alt=\"\" class=\"wp-image-1324\" srcset=\"http:\/\/bekirkivrim.com.tr\/wp-content\/uploads\/2024\/02\/download.png 748w, http:\/\/bekirkivrim.com.tr\/wp-content\/uploads\/2024\/02\/download-300x166.png 300w, http:\/\/bekirkivrim.com.tr\/wp-content\/uploads\/2024\/02\/download-200x110.png 200w\" sizes=\"(max-width: 748px) 100vw, 748px\" \/><\/figure>\n\n\n\n<p>Cumhur \u0130ttifak\u0131 D\u00f6\u015femealt\u0131 Belediye Ba\u015fkan Aday\u0131 Bekir K\u0131vr\u0131m, se\u00e7im \u00e7al\u0131\u015fmalar\u0131na h\u0131z verdi. K\u0131vr\u0131m, ahde vefa \u00f6rne\u011fi sergileyerek il\u00e7ede g\u00f6rev yapan eski belediye ba\u015fkanlar\u0131n\u0131 ziyaret etti. K\u0131vr\u0131m, \u201cYapt\u0131\u011f\u0131m\u0131z ziyaretler kapsam\u0131nda ba\u015fkanlar\u0131m\u0131z\u0131n bilgi ve deneyimlerinden faydaland\u0131k\u201d dedi.<\/p>\n\n\n\n<figure class=\"wp-block-image size-full\"><img decoding=\"async\" width=\"750\" height=\"415\" src=\"https:\/\/bekirkivrim.com.tr\/wp-content\/uploads\/2024\/02\/download.jpeg\" alt=\"\" class=\"wp-image-1325\" srcset=\"http:\/\/bekirkivrim.com.tr\/wp-content\/uploads\/2024\/02\/download.jpeg 750w, http:\/\/bekirkivrim.com.tr\/wp-content\/uploads\/2024\/02\/download-300x166.jpeg 300w, http:\/\/bekirkivrim.com.tr\/wp-content\/uploads\/2024\/02\/download-200x111.jpeg 200w, http:\/\/bekirkivrim.com.tr\/wp-content\/uploads\/2024\/02\/download-540x300.jpeg 540w\" sizes=\"(max-width: 750px) 100vw, 750px\" \/><\/figure>\n\n\n\n<p><strong>TEMPOYU ARTIRDI<\/strong><\/p>\n\n\n\n<p>Cumhurba\u015fkan\u0131 Recep Tayyip Erdo\u011fan taraf\u0131ndan 9 \u015eubat\u2019ta Antalya Expo Fuar Alan\u0131 Kongre Merkezi&#8217;nde d\u00fczenlenen t\u00f6rende \u2018\u0130l\u00e7e Belediye Ba\u015fkan Adaylar\u0131 Tan\u0131t\u0131m Toplant\u0131s\u0131\u2019nda Cumhur \u0130ttifak\u0131 D\u00f6\u015femealt\u0131 Belediye Ba\u015fkan Aday\u0131 olarak a\u00e7\u0131klanan Bekir K\u0131vr\u0131m, se\u00e7im \u00e7al\u0131\u015fmalar\u0131n\u0131 t\u00fcm h\u0131z\u0131yla s\u00fcrd\u00fcr\u00fcyor.<\/p>\n\n\n\n<figure class=\"wp-block-image size-full\"><img decoding=\"async\" width=\"750\" height=\"415\" src=\"https:\/\/bekirkivrim.com.tr\/wp-content\/uploads\/2024\/02\/image.png\" alt=\"\" class=\"wp-image-1326\" srcset=\"http:\/\/bekirkivrim.com.tr\/wp-content\/uploads\/2024\/02\/image.png 750w, http:\/\/bekirkivrim.com.tr\/wp-content\/uploads\/2024\/02\/image-300x166.png 300w, http:\/\/bekirkivrim.com.tr\/wp-content\/uploads\/2024\/02\/image-200x111.png 200w, http:\/\/bekirkivrim.com.tr\/wp-content\/uploads\/2024\/02\/image-540x300.png 540w\" sizes=\"(max-width: 750px) 100vw, 750px\" \/><\/figure>\n\n\n\n<p><\/p>\n\n\n\n<p><strong><br>TECR\u00dcBELER\u0130N\u0130 D\u0130NLED\u0130<\/strong><\/p>\n\n\n\n<p>Ba\u015fkan Aday\u0131 K\u0131vr\u0131m, se\u00e7im \u00e7al\u0131\u015fmalar\u0131 kapsam\u0131nda D\u00f6\u015femealt\u0131\u2019nda belediye ile belde ba\u015fkanl\u0131\u011f\u0131 yapm\u0131\u015f isimleri ziyaret etti. Bekir K\u0131vr\u0131m, ilk olarak D\u00f6\u015femealt\u0131\u2019n\u0131n ilk belediye ba\u015fkan\u0131 \u0130smail Ka\u015fl\u0131\u2019y\u0131 ziyaret etti. Daha sonra D\u00f6\u015femealt\u0131 il\u00e7e olmadan \u00f6nce \u00c7\u0131\u011fl\u0131k Belde Belediye Ba\u015fkanl\u0131\u011f\u0131 g\u00f6revini y\u00fcr\u00fcten Osman Kayal\u0131\u2019y\u0131 ziyaret eden K\u0131vr\u0131m, AK Parti D\u00f6\u015femealt\u0131 Kurucu \u0130l\u00e7e Ba\u015fkan\u0131 Feyzullah G\u00f6k\u00e7e\u2019yi ziyaret edip 2004 ve 2009 y\u0131llar\u0131ndaki yerel se\u00e7imlerde 2 d\u00f6nem D\u00f6\u015femealt\u0131 Belediye Ba\u015fkan\u0131 se\u00e7ilen Nurettin Tursunile bir araya geldi. K\u0131vr\u0131m, eski ba\u015fkanlar\u0131n tecr\u00fcbelerini dinledi.<\/p>\n\n\n\n<figure class=\"wp-block-image size-full\"><img loading=\"lazy\" decoding=\"async\" width=\"750\" height=\"415\" src=\"https:\/\/bekirkivrim.com.tr\/wp-content\/uploads\/2024\/02\/image-1.png\" alt=\"\" class=\"wp-image-1327\" srcset=\"http:\/\/bekirkivrim.com.tr\/wp-content\/uploads\/2024\/02\/image-1.png 750w, http:\/\/bekirkivrim.com.tr\/wp-content\/uploads\/2024\/02\/image-1-300x166.png 300w, http:\/\/bekirkivrim.com.tr\/wp-content\/uploads\/2024\/02\/image-1-200x111.png 200w, http:\/\/bekirkivrim.com.tr\/wp-content\/uploads\/2024\/02\/image-1-540x300.png 540w\" sizes=\"(max-width: 750px) 100vw, 750px\" \/><\/figure>\n\n\n\n<p><\/p>\n\n\n\n<p><strong>\u0130L\u00c7EN\u0130N BEY\u0130N TAKIMI<\/strong><\/p>\n\n\n\n<p>Ziyaretine D\u00f6\u015femealt\u0131 il\u00e7e olmadan \u00f6nce Ye\u015filbay\u0131r Belde Ba\u015fkanl\u0131\u011f\u0131 g\u00f6revi yapan Hasan Akal\u0131n\u2019\u0131 da devam eden K\u0131vr\u0131m, daha sonra \u00f6nceki d\u00f6nem D\u00fczler\u00e7am\u0131 Belde Baladiye Ba\u015fkan\u0131 Mehmet Bah\u015fi ve 1999-2004 y\u0131llar\u0131 aras\u0131nda D\u00f6\u015femealt\u0131 Belediye Ba\u015fkanl\u0131\u011f\u0131 g\u00f6revini y\u00fcr\u00fcten Sadi K\u00fc\u00e7\u00fckba\u015fkan ile bulu\u015ftu. T\u00fcrkiye B\u00fcy\u00fck Millet Meclisi (TBMM) 20. D\u00f6nem Antalya Milletvekili Sami K\u00fc\u00e7\u00fckba\u015fkan\u2019\u0131 da ziyaret etmeyi unutmayan Bekir K\u0131vr\u0131m, se\u00e7im \u00e7al\u0131\u015fmalar\u0131 hakk\u0131nda bilgi al\u0131\u015fveri\u015finde bulundu, il\u00e7ede ge\u00e7mi\u015fte yap\u0131lan ve yeni d\u00f6nemde yap\u0131lmas\u0131 gereken hizmetleri konu\u015ftu.<\/p>\n\n\n\n<p><\/p>\n\n\n\n<figure class=\"wp-block-image size-full\"><img loading=\"lazy\" decoding=\"async\" width=\"750\" height=\"415\" src=\"https:\/\/bekirkivrim.com.tr\/wp-content\/uploads\/2024\/02\/image-2.png\" alt=\"\" class=\"wp-image-1328\" srcset=\"http:\/\/bekirkivrim.com.tr\/wp-content\/uploads\/2024\/02\/image-2.png 750w, http:\/\/bekirkivrim.com.tr\/wp-content\/uploads\/2024\/02\/image-2-300x166.png 300w, http:\/\/bekirkivrim.com.tr\/wp-content\/uploads\/2024\/02\/image-2-200x111.png 200w, http:\/\/bekirkivrim.com.tr\/wp-content\/uploads\/2024\/02\/image-2-540x300.png 540w\" sizes=\"(max-width: 750px) 100vw, 750px\" \/><\/figure>\n\n\n\n<p><\/p>\n\n\n\n<p><strong>H\u0130\u00c7 B\u0130R \u0130S\u0130M UNUTULMADI<\/strong><\/p>\n\n\n\n<p>Cumhur \u0130ttifak\u0131\u2019n\u0131n AK Partili Ba\u015fkan Aday\u0131 Bekir K\u0131vr\u0131m, 1989 \u2013 1994 y\u0131llar\u0131 aras\u0131nda D\u00f6\u015femealt\u0131 Belediye Ba\u015fkanl\u0131\u011f\u0131 yapan Halil Say, \u00f6nceki d\u00f6nem Karaveliler Belde Belediye Ba\u015fkan\u0131 Dursun Uyhan ile \u00f6nceki d\u00f6nem Ek\u015fili Belde Belediye Ba\u015fkan\u0131 Ramazan \u00c7elik\u2019i de ziyaret etti. Ziyaretlere, AK Parti \u0130l\u00e7e Ba\u015fkan\u0131 Ramazan Kaya ve MHP \u0130l\u00e7e Ba\u015fkan\u0131 Kadir G\u00fcrcan\u2019da e\u015flik etti.<\/p>\n\n\n\n<figure class=\"wp-block-image size-full\"><img loading=\"lazy\" decoding=\"async\" width=\"750\" height=\"415\" src=\"https:\/\/bekirkivrim.com.tr\/wp-content\/uploads\/2024\/02\/image-3.png\" alt=\"\" class=\"wp-image-1329\" srcset=\"http:\/\/bekirkivrim.com.tr\/wp-content\/uploads\/2024\/02\/image-3.png 750w, http:\/\/bekirkivrim.com.tr\/wp-content\/uploads\/2024\/02\/image-3-300x166.png 300w, http:\/\/bekirkivrim.com.tr\/wp-content\/uploads\/2024\/02\/image-3-200x111.png 200w, http:\/\/bekirkivrim.com.tr\/wp-content\/uploads\/2024\/02\/image-3-540x300.png 540w\" sizes=\"(max-width: 750px) 100vw, 750px\" \/><\/figure>\n\n\n\n<p><\/p>\n\n\n\n<p><strong>DENEY\u0130ME \u00d6NEM VERD\u0130K<\/strong><\/p>\n\n\n\n<p>Yapt\u0131\u011f\u0131 ziyaretleri de\u011ferlendiren Cumhur \u0130ttifak\u0131 Aday\u0131 Bekir K\u0131vr\u0131m, tecr\u00fcbeye b\u00fcy\u00fck \u00f6nem verdiklerini s\u00f6yledi. K\u0131vr\u0131m, \u201cG\u00fczel il\u00e7emizi b\u00fcy\u00fcklerimizin tecr\u00fcbeleriyle daha g\u00fczel yar\u0131nlara ta\u015f\u0131yaca\u011f\u0131z. Bu kapsamda da il\u00e7emize hizmet etmi\u015f il\u00e7e ve belde ba\u015fkanlar\u0131m\u0131z, eski il\u00e7e ba\u015fkanlar\u0131m\u0131 ziyaret ettik. \u0130l\u00e7emizden \u00e7\u0131k\u0131p Antalya\u2019y\u0131 TBMM\u2019de temsil eden milletvekilimizi unutmad\u0131k. Onlar\u0131n bilgi ve deneyimlerini tek tek not ettik. D\u00f6\u015femealt\u0131\u2019n\u0131n \u00e7\u00f6z\u00fcm bekleyen sorunlar\u0131n\u0131 birlikte ele ald\u0131k. Hepsine g\u00f6stermi\u015f olduklar\u0131 tevecc\u00fch nedeniyle \u00e7ok te\u015fekk\u00fcr ediyorum. Tek hedef ve Ad\u0131m Ad\u0131m D\u00f6\u015femealt\u0131 i\u00e7in ele ele verdik\u201d dedi.<\/p>\n\n\n\n<figure class=\"wp-block-image size-full\"><img loading=\"lazy\" decoding=\"async\" width=\"750\" height=\"415\" src=\"https:\/\/bekirkivrim.com.tr\/wp-content\/uploads\/2024\/02\/image-4.png\" alt=\"\" class=\"wp-image-1330\" srcset=\"http:\/\/bekirkivrim.com.tr\/wp-content\/uploads\/2024\/02\/image-4.png 750w, http:\/\/bekirkivrim.com.tr\/wp-content\/uploads\/2024\/02\/image-4-300x166.png 300w, http:\/\/bekirkivrim.com.tr\/wp-content\/uploads\/2024\/02\/image-4-200x111.png 200w, http:\/\/bekirkivrim.com.tr\/wp-content\/uploads\/2024\/02\/image-4-540x300.png 540w\" sizes=\"(max-width: 750px) 100vw, 750px\" \/><\/figure>\n\n\n\n<p><\/p>\n\n\n\n<p>BASIN B\u00dcLTEN\u0130<\/p>\n\n\n\n<p><a href=\"https:\/\/www.lidergazete.com\/bekir-kivrim-dan-ahde-vefa-h213760.htm\">https:\/\/www.lidergazete.com\/bekir-kivrim-dan-ahde-vefa-h213760.htm<\/a><\/p>\n","protected":false},"excerpt":{"rendered":"<p>Cumhur \u0130ttifak\u0131\u2019n\u0131n D\u00f6\u015femealt\u0131 Belediye Ba\u015fkan Aday\u0131 Bekir K\u0131vr\u0131m, \u00f6nceki d\u00f6nemlerde il\u00e7ede belediye ba\u015fkanl\u0131\u011f\u0131 yapan isimleri tek tek ziyaret etti. Ahde vefan\u0131n \u00f6nemini ortaya koyan K\u0131vr\u0131m, ziyaretlerinde eski ba\u015fkanlar\u0131n tecr\u00fcbelerinden faydaland\u0131. Cumhur \u0130ttifak\u0131 D\u00f6\u015femealt\u0131 Belediye Ba\u015fkan Aday\u0131 Bekir K\u0131vr\u0131m, se\u00e7im \u00e7al\u0131\u015fmalar\u0131na h\u0131z verdi. K\u0131vr\u0131m, ahde vefa \u00f6rne\u011fi sergileyerek il\u00e7ede g\u00f6rev yapan&#8230;<\/p>\n","protected":false},"author":1,"featured_media":1324,"comment_status":"open","ping_status":"open","sticky":false,"template":"","format":"standard","meta":{"footnotes":""},"categories":[1],"tags":[],"class_list":["post-1323","post","type-post","status-publish","format-standard","has-post-thumbnail","hentry","category-genel"],"_links":{"self":[{"href":"http:\/\/bekirkivrim.com.tr\/index.php\/wp-json\/wp\/v2\/posts\/1323","targetHints":{"allow":["GET"]}}],"collection":[{"href":"http:\/\/bekirkivrim.com.tr\/index.php\/wp-json\/wp\/v2\/posts"}],"about":[{"href":"http:\/\/bekirkivrim.com.tr\/index.php\/wp-json\/wp\/v2\/types\/post"}],"author":[{"embeddable":true,"href":"http:\/\/bekirkivrim.com.tr\/index.php\/wp-json\/wp\/v2\/users\/1"}],"replies":[{"embeddable":true,"href":"http:\/\/bekirkivrim.com.tr\/index.php\/wp-json\/wp\/v2\/comments?post=1323"}],"version-history":[{"count":1,"href":"http:\/\/bekirkivrim.com.tr\/index.php\/wp-json\/wp\/v2\/posts\/1323\/revisions"}],"predecessor-version":[{"id":1331,"href":"http:\/\/bekirkivrim.com.tr\/index.php\/wp-json\/wp\/v2\/posts\/1323\/revisions\/1331"}],"wp:featuredmedia":[{"embeddable":true,"href":"http:\/\/bekirkivrim.com.tr\/index.php\/wp-json\/wp\/v2\/media\/1324"}],"wp:attachment":[{"href":"http:\/\/bekirkivrim.com.tr\/index.php\/wp-json\/wp\/v2\/media?parent=1323"}],"wp:term":[{"taxonomy":"category","embeddable":true,"href":"http:\/\/bekirkivrim.com.tr\/index.php\/wp-json\/wp\/v2\/categories?post=1323"},{"taxonomy":"post_tag","embeddable":true,"href":"http:\/\/bekirkivrim.com.tr\/index.php\/wp-json\/wp\/v2\/tags?post=1323"}],"curies":[{"name":"wp","href":"https:\/\/api.w.org\/{rel}","templated":true}]}}