{"id":1347,"date":"2024-02-29T14:42:29","date_gmt":"2024-02-29T11:42:29","guid":{"rendered":"https:\/\/bekirkivrim.com.tr\/?p=1347"},"modified":"2024-02-29T14:43:23","modified_gmt":"2024-02-29T11:43:23","slug":"baskan-adayi-kivrima-yogun-ilgi","status":"publish","type":"post","link":"http:\/\/bekirkivrim.com.tr\/index.php\/2024\/02\/29\/baskan-adayi-kivrima-yogun-ilgi\/","title":{"rendered":"BA\u015eKAN ADAYI KIVRIM\u2019A YO\u011eUN \u0130LG\u0130"},"content":{"rendered":"\n<p>Cumhur \u0130ttifak\u0131 D\u00f6\u015femealt\u0131 Belediye Ba\u015fkan Aday\u0131 Bekir K\u0131vr\u0131m, 31 Mart yerel se\u00e7im \u00e7al\u0131\u015fmalar\u0131nda tempoyu art\u0131rd\u0131.<\/p>\n\n\n\n<figure class=\"wp-block-image\"><img decoding=\"async\" src=\"https:\/\/akdenizdeyeniyuzyil.com.tr\/images\/haberler\/baskan-adayi-kivrim-a-yogun-ilgi.jpeg\" alt=\"BA\u015eKAN ADAYI KIVRIM\u2019A YO\u011eUN \u0130LG\u0130\"\/><\/figure>\n\n\n\n<p>Cumhur \u0130ttifak\u0131 D\u00f6\u015femealt\u0131 Belediye Ba\u015fkan Aday\u0131 Bekir K\u0131vr\u0131m, 31 Mart yerel se\u00e7im \u00e7al\u0131\u015fmalar\u0131nda tempoyu art\u0131rd\u0131. Geceleri ev ziyaretleri g\u00fcnd\u00fczleri ise hem il\u00e7e halk\u0131 hem de Pazar yerinde esnafla bir araya geldi. K\u0131vr\u0131m\u2019a, D\u00f6\u015femealt\u0131l\u0131lar b\u00fcy\u00fck ilgi g\u00f6sterdi.<\/p>\n\n\n\n<p>Cumhur \u0130ttifak\u0131 D\u00f6\u015femealt\u0131 Belediye Ba\u015fkan Aday\u0131 Bekir K\u0131vr\u0131m, se\u00e7ime 36 g\u00fcn kala \u00e7al\u0131\u015fmalar\u0131na h\u0131z kesmeden devam ediyor. D\u00f6\u015femealt\u0131\u2019n\u0131 kar\u0131\u015f kar\u0131\u015f gezerek vatanda\u015f\u0131n sorunlar\u0131 dinleyen K\u0131vr\u0131m\u2019\u0131n dura\u011f\u0131 Cuma Pazar\u0131 oldu.<br>G\u00d6N\u00dcLLER\u0130 FETHETT\u0130<br>Ba\u015fkan aday\u0131 K\u0131vr\u0131m, Cuma Pazar\u0131nda halk ve esnafla bir araya gelerek dert taleplerini dinledi. D\u00f6\u015femealt\u0131l\u0131lar\u0131n yo\u011fun ilgi ve sevgisine te\u015fekk\u00fcr eden Cumhur \u0130ttifak\u0131 Aday\u0131 K\u0131vr\u0131m, \u201c\u0130l\u00e7emizi kar\u0131\u015f kar\u0131\u015f gezmeye, \u00e7almad\u0131k zil, a\u00e7mad\u0131k kap\u0131, s\u0131kmad\u0131k el b\u0131rakmamak i\u00e7in \u00e7al\u0131\u015fmalar\u0131m\u0131za h\u0131z verdik. Cuma Pazar\u0131nda hem\u015fehrilerimizle el ele, g\u00f6n\u00fcl g\u00f6n\u00fcleydik. Bizleri samimiyetle kar\u015f\u0131layan, uzatt\u0131\u011f\u0131m\u0131z eli s\u0131kan, destek veren herkese te\u015fekk\u00fcr ediyorum. Vatanda\u015flar\u0131m\u0131z\u0131n, esnaf\u0131m\u0131z\u0131n s\u0131k\u0131nt\u0131lar\u0131n\u0131, dertlerini dinledik. Bunlar\u0131 notlar ald\u0131k. \u0130n\u015fallah 1<br>Nisan sabah\u0131 itibariyle g\u00f6revi devir al\u0131r almaz bu sorunlar\u0131n \u00e7\u00f6z\u00fcm\u00fc i\u00e7in \u00e7al\u0131\u015faca\u011f\u0131z\u201d dedi.<br>GER\u00c7EK BELED\u0130YEC\u0130L\u0130K<br>D\u00f6\u015femealt\u0131\u2019n\u0131n hak etti\u011fi hizmetler i\u00e7in \u2018Ger\u00e7ek Belediyecilik\u2019 slogan\u0131 ile yola \u00e7\u0131kt\u0131klar\u0131n\u0131 anlatan Ba\u015fkan Aday\u0131 Bekir K\u0131vr\u0131m, \u201cGe\u00e7mi\u015fe de\u011fil gelece\u011fe bakaca\u011f\u0131z. Hedefimiz var olan sorunlar\u0131 k\u0131sa s\u00fcrede \u00e7\u00f6z\u00fcp il\u00e7emizi Antalya\u2019n\u0131n parlayan y\u0131ld\u0131z\u0131 haline getirmektir. Bunun i\u00e7in de hem\u015fehrilerimiz g\u00f6revi bize verirse il\u00e7emizi ger\u00e7ek belediyecili\u011fe tekrar kavu\u015fturmak istiyoruz\u201d diye konu\u015ftu.<\/p>\n\n\n\n<p><a href=\"https:\/\/akdenizdeyeniyuzyil.com.tr\/baskan-adayi-kivrim-a-yogun-ilgi\/6832\/\">https:\/\/akdenizdeyeniyuzyil.com.tr\/baskan-adayi-kivrim-a-yogun-ilgi\/6832\/<\/a><\/p>\n","protected":false},"excerpt":{"rendered":"<p>Cumhur \u0130ttifak\u0131 D\u00f6\u015femealt\u0131 Belediye Ba\u015fkan Aday\u0131 Bekir K\u0131vr\u0131m, 31 Mart yerel se\u00e7im \u00e7al\u0131\u015fmalar\u0131nda tempoyu art\u0131rd\u0131. Cumhur \u0130ttifak\u0131 D\u00f6\u015femealt\u0131 Belediye Ba\u015fkan Aday\u0131 Bekir K\u0131vr\u0131m, 31 Mart yerel se\u00e7im \u00e7al\u0131\u015fmalar\u0131nda tempoyu art\u0131rd\u0131. Geceleri ev ziyaretleri g\u00fcnd\u00fczleri ise hem il\u00e7e halk\u0131 hem de Pazar yerinde esnafla bir araya geldi. K\u0131vr\u0131m\u2019a, D\u00f6\u015femealt\u0131l\u0131lar b\u00fcy\u00fck ilgi&#8230;<\/p>\n","protected":false},"author":1,"featured_media":1349,"comment_status":"open","ping_status":"open","sticky":false,"template":"","format":"standard","meta":{"footnotes":""},"categories":[1],"tags":[],"class_list":["post-1347","post","type-post","status-publish","format-standard","has-post-thumbnail","hentry","category-genel"],"_links":{"self":[{"href":"http:\/\/bekirkivrim.com.tr\/index.php\/wp-json\/wp\/v2\/posts\/1347","targetHints":{"allow":["GET"]}}],"collection":[{"href":"http:\/\/bekirkivrim.com.tr\/index.php\/wp-json\/wp\/v2\/posts"}],"about":[{"href":"http:\/\/bekirkivrim.com.tr\/index.php\/wp-json\/wp\/v2\/types\/post"}],"author":[{"embeddable":true,"href":"http:\/\/bekirkivrim.com.tr\/index.php\/wp-json\/wp\/v2\/users\/1"}],"replies":[{"embeddable":true,"href":"http:\/\/bekirkivrim.com.tr\/index.php\/wp-json\/wp\/v2\/comments?post=1347"}],"version-history":[{"count":1,"href":"http:\/\/bekirkivrim.com.tr\/index.php\/wp-json\/wp\/v2\/posts\/1347\/revisions"}],"predecessor-version":[{"id":1348,"href":"http:\/\/bekirkivrim.com.tr\/index.php\/wp-json\/wp\/v2\/posts\/1347\/revisions\/1348"}],"wp:featuredmedia":[{"embeddable":true,"href":"http:\/\/bekirkivrim.com.tr\/index.php\/wp-json\/wp\/v2\/media\/1349"}],"wp:attachment":[{"href":"http:\/\/bekirkivrim.com.tr\/index.php\/wp-json\/wp\/v2\/media?parent=1347"}],"wp:term":[{"taxonomy":"category","embeddable":true,"href":"http:\/\/bekirkivrim.com.tr\/index.php\/wp-json\/wp\/v2\/categories?post=1347"},{"taxonomy":"post_tag","embeddable":true,"href":"http:\/\/bekirkivrim.com.tr\/index.php\/wp-json\/wp\/v2\/tags?post=1347"}],"curies":[{"name":"wp","href":"https:\/\/api.w.org\/{rel}","templated":true}]}}