{"id":1350,"date":"2024-02-29T15:04:18","date_gmt":"2024-02-29T12:04:18","guid":{"rendered":"https:\/\/bekirkivrim.com.tr\/?p=1350"},"modified":"2024-02-29T15:05:29","modified_gmt":"2024-02-29T12:05:29","slug":"cumhur-ittifaki-dosemealti-belediye-baskan-adayi-bekir-kivrim-gun-sayiyor","status":"publish","type":"post","link":"http:\/\/bekirkivrim.com.tr\/index.php\/2024\/02\/29\/cumhur-ittifaki-dosemealti-belediye-baskan-adayi-bekir-kivrim-gun-sayiyor\/","title":{"rendered":"Cumhur \u0130ttifak\u0131 D\u00f6\u015femealt\u0131 Belediye Ba\u015fkan Aday\u0131 Bekir K\u0131vr\u0131m g\u00fcn say\u0131yor!"},"content":{"rendered":"\n<figure class=\"wp-block-image\"><img decoding=\"async\" src=\"https:\/\/www.mygazete.com\/wp-content\/uploads\/2024\/02\/bekirkivrim-1.jpg\" alt=\"Cumhur \u0130ttifak\u0131 D\u00f6\u015femealt\u0131 Belediye Ba\u015fkan Aday\u0131 Bekir K\u0131vr\u0131m g\u00fcn say\u0131yor!\"\/><\/figure>\n\n\n\n<p><\/p>\n\n\n\n<p><a href=\"https:\/\/www.mygazete.com\/yerel-haber\/antalya\/\">Antalya haber&#8230;<\/a>&nbsp; Cumhur \u0130ttifak\u0131 D\u00f6\u015femealt\u0131 Belediye Ba\u015fkan Aday\u0131 Bekir K\u0131vr\u0131m, 31 Mart\u2019da ger\u00e7ekle\u015ftirilecek Yerel Se\u00e7im \u00f6ncesi se\u00e7im \u00e7al\u0131\u015fmalar\u0131nda h\u0131z kesmedi. K\u0131vr\u0131m, d\u00fczenledi\u011fi toplant\u0131 ile bas\u0131n mensuplar\u0131yla bulu\u015ftu. K\u0131vr\u0131m, toplant\u0131da projelerini anlatarak gelen sorular\u0131 cevaplad\u0131.<\/p>\n\n\n\n<h3 class=\"wp-block-heading\">\u0130L\u00c7EM\u0130N VE PART\u0130M\u0130N NEFER\u0130Y\u0130M<\/h3>\n\n\n\n<p>Uzun y\u0131llard\u0131r AK Parti te\u015fkilatlar\u0131 i\u00e7erisinde g\u00f6rev yapt\u0131\u011f\u0131n\u0131 ifade eden Ba\u015fkan Aday\u0131 Bekir K\u0131vr\u0131m, \u201c\u00c7ok uzun zamand\u0131r partimizin bir neferiyim. Son 6 senedir de il\u00e7e ba\u015fkanl\u0131\u011f\u0131 g\u00f6revini \u00fcstlendim. 9 \u015eubat tarihi itibari ile Cumhurba\u015fkan\u0131m\u0131z ve Genel Ba\u015fkan\u0131m\u0131z Recep Tayyip Erdo\u011fan\u2019\u0131n tensipleriyle Cumhur \u0130ttifak\u0131\u2019n\u0131n D\u00f6\u015femealt\u0131 Belediye Ba\u015fkan Aday\u0131 olarak g\u00f6sterildim. O g\u00fcnden beri de aral\u0131ks\u0131z olarak gece g\u00fcnd\u00fcz ekip arkada\u015flar\u0131m\u0131zla \u00e7al\u0131\u015f\u0131yoruz. D\u00f6\u015femealt\u0131\u2019n\u0131 ad\u0131m ad\u0131m gezerek \u00e7almad\u0131k kap\u0131, s\u0131k\u0131lmad\u0131k el b\u0131rakm\u0131yoruz\u201d dedi.<\/p>\n\n\n\n<h3 class=\"wp-block-heading\">HASTANEM\u0130ZDE SONA GEL\u0130ND\u0130<\/h3>\n\n\n\n<p>\u0130l\u00e7e ba\u015fkanl\u0131\u011f\u0131 d\u00f6neminde h\u00fck\u00fcmetin de deste\u011fiyle D\u00f6\u015femealt\u0131\u2019na say\u0131s\u0131z eser kazand\u0131rd\u0131klar\u0131n\u0131 belirten K\u0131vr\u0131m, \u201cD\u00f6\u015femealt\u0131\u2019na okullar, k\u00f6pr\u00fcl\u00fc kav\u015faklar, kre\u015fler ve daha nicelerini yapt\u0131k. K\u00f6m\u00fcrc\u00fcler Mahallemizdeki en b\u00fcy\u00fck problem olan tapu sorununu \u00e7\u00f6zd\u00fck. \u0130l\u00e7emizin en \u00f6nemli ihtiya\u00e7lar\u0131ndan biri olan hastane sorunumuzu da \u00e7\u00f6z\u00fcme kavu\u015fturduk. Yap\u0131m\u0131na devam edilen D\u00f6\u015femealt\u0131 Devlet Hastanemizde sona gelindi. \u00c7ok k\u0131sa bir s\u00fcre sonra hizmete a\u00e7\u0131lacak\u201d diye konu\u015ftu.<\/p>\n\n\n\n<h3 class=\"wp-block-heading\">\u0130L\u00c7EM\u0130Z\u0130N MAKUS TAL\u0130H\u0130 DE\u011e\u0130\u015eECEK<\/h3>\n\n\n\n<p>T\u00fcrkiye y\u00fczy\u0131l\u0131na yak\u0131\u015f\u0131r bir D\u00f6\u015femealt\u0131 in\u015fa etmek i\u00e7in yola \u00e7\u0131kt\u0131klar\u0131n\u0131 vurgulayan Cumhur \u0130ttifak\u0131 Ba\u015fkan Aday\u0131 Bekir K\u0131vr\u0131m, \u201cD\u00f6\u015femealt\u0131\u2019m\u0131z 10 y\u0131ld\u0131r ne yaz\u0131k ki hizmete a\u00e7. Vatanda\u015flar\u0131m\u0131z\u0131n tevecc\u00fch g\u00f6stermeleri ve g\u00f6rev vermeleri halinde 1 Nisan\u2019dan itibaren biz durmadan, yorulmadan \u00e7al\u0131\u015faca\u011f\u0131z. \u0130n\u015fallah Antalya B\u00fcy\u00fck\u015fehir Belediyemizde Hakan T\u00fct\u00fcnc\u00fc ba\u015fkan\u0131m, D\u00f6\u015femealt\u0131\u2019nda da ben, vatanda\u015flar\u0131m\u0131za en iyi \u015fekilde hizmet etmek i\u00e7in \u00e7abalayaca\u011f\u0131z. D\u00f6\u015femealt\u0131\u2019m\u0131z\u0131n makus talini de\u011fi\u015ftirmek i\u00e7in son 32 g\u00fcn! Bizler haz\u0131r\u0131z ve kararl\u0131y\u0131z\u201d ifadelerini kulland\u0131.<\/p>\n\n\n\n<figure class=\"wp-block-image\"><img decoding=\"async\" src=\"https:\/\/www.mygazete.com\/wp-content\/uploads\/2024\/02\/bekirkivrim-jpg.webp\" alt=\"\" class=\"wp-image-729364\"\/><\/figure>\n\n\n\n<h3 class=\"wp-block-heading\">ULA\u015eIMINI RAHATLATACA\u011eIZ<\/h3>\n\n\n\n<p>Gazetecilerin sorular\u0131n\u0131 da cevaplayan Bekir K\u0131vr\u0131m, bir soru \u00fczerine D\u00f6\u015femealt\u0131\u2019n\u0131n en \u00f6nemli probleminin ula\u015f\u0131m oldu\u011funu ifade etti. Ula\u015f\u0131m konusunda projelerinin haz\u0131r oldu\u011funu anlatan K\u0131vr\u0131m, \u201cAntalya B\u00fcy\u00fck\u015fehir Belediye Ba\u015fkan\u0131m\u0131z Hakan T\u00fct\u00fcnc\u00fc ile ortak \u00e7al\u0131\u015farak il\u00e7emizin ula\u015f\u0131m\u0131n\u0131 rahatlatmak i\u00e7in 20 ara\u00e7l\u0131k bir ara\u00e7 filo kuraca\u011f\u0131z. Bu ara\u00e7lar ring sistemi \u015feklinde \u00e7al\u0131\u015facak. Bu sayede il\u00e7emizin ula\u015f\u0131m\u0131n\u0131 da rahatlataca\u011f\u0131z\u201d cevab\u0131n\u0131 verdi. K\u0131rkg\u00f6z ile ilgili bir soruya da K\u0131vr\u0131m, \u201cBuraya DS\u0130 B\u00f6lge M\u00fcd\u00fcrl\u00fc\u011f\u00fc taraf\u0131ndan yeralt\u0131 baraj\u0131 yap\u0131lacak. K\u0131sa s\u00fcre sonra ihaleye \u00e7\u0131k\u0131laca\u011f\u0131n\u0131 biliyorum. Bu sayede Antalya\u2019n\u0131n en \u00f6nemli su kayna\u011f\u0131 korunmu\u015f olacak\u201d dedi.<\/p>\n\n\n\n<p>Bir gazetecinin OSB ile ilgili sorusuna ise, OSB ile \u00f6nemli \u00e7al\u0131\u015fmalara imza atacaklar\u0131na dikkat \u00e7eken Ba\u015fkan Aday\u0131 K\u0131vr\u0131m, \u201cBurada \u00e7al\u0131\u015fan 20 bin i\u015f\u00e7inin 5 bini il\u00e7emizde ikamet ediyor. Geri kalan \u00f6nemli b\u00f6l\u00fcm\u00fc i\u00e7in ortak sosyal konut yap\u0131m\u0131 i\u00e7in i\u015fbirli\u011fi yapaca\u011f\u0131z. Ayr\u0131ca bir vak\u0131f kurarak OSB ile D\u00f6\u015femealt\u0131\u2019n\u0131 b\u00fct\u00fcnle\u015ftirece\u011fiz\u201d cevab\u0131n\u0131 verdi.<\/p>\n\n\n\n<p>Cumhur \u0130ttifak\u0131 D\u00f6\u015femealt\u0131 Belediye Ba\u015fkan Aday\u0131 Bekir K\u0131vr\u0131m, hayata ge\u00e7irecekleri Hayvan Bar\u0131na\u011f\u0131yla da can dostlara sahip \u00e7\u0131kacaklar\u0131n\u0131 s\u00f6zlerine ekledi.<\/p>\n\n\n\n<p>Kaynak:&nbsp;<a href=\"https:\/\/www.mygazete.com\/haberler\/politika\/cumhur-ittifaki-dosemealti-belediye-baskan-adayi-bekir-kivrim-gun-sayiyor\/729362\/\">MYGazete Haber Merkezi<\/a><\/p>\n","protected":false},"excerpt":{"rendered":"<p>Antalya haber&#8230;&nbsp; Cumhur \u0130ttifak\u0131 D\u00f6\u015femealt\u0131 Belediye Ba\u015fkan Aday\u0131 Bekir K\u0131vr\u0131m, 31 Mart\u2019da ger\u00e7ekle\u015ftirilecek Yerel Se\u00e7im \u00f6ncesi se\u00e7im \u00e7al\u0131\u015fmalar\u0131nda h\u0131z kesmedi. K\u0131vr\u0131m, d\u00fczenledi\u011fi toplant\u0131 ile bas\u0131n mensuplar\u0131yla bulu\u015ftu. K\u0131vr\u0131m, toplant\u0131da projelerini anlatarak gelen sorular\u0131 cevaplad\u0131. \u0130L\u00c7EM\u0130N VE PART\u0130M\u0130N NEFER\u0130Y\u0130M Uzun y\u0131llard\u0131r AK Parti te\u015fkilatlar\u0131 i\u00e7erisinde g\u00f6rev yapt\u0131\u011f\u0131n\u0131 ifade eden Ba\u015fkan Aday\u0131&#8230;<\/p>\n","protected":false},"author":1,"featured_media":1353,"comment_status":"open","ping_status":"open","sticky":false,"template":"","format":"standard","meta":{"footnotes":""},"categories":[1],"tags":[],"class_list":["post-1350","post","type-post","status-publish","format-standard","has-post-thumbnail","hentry","category-genel"],"_links":{"self":[{"href":"http:\/\/bekirkivrim.com.tr\/index.php\/wp-json\/wp\/v2\/posts\/1350","targetHints":{"allow":["GET"]}}],"collection":[{"href":"http:\/\/bekirkivrim.com.tr\/index.php\/wp-json\/wp\/v2\/posts"}],"about":[{"href":"http:\/\/bekirkivrim.com.tr\/index.php\/wp-json\/wp\/v2\/types\/post"}],"author":[{"embeddable":true,"href":"http:\/\/bekirkivrim.com.tr\/index.php\/wp-json\/wp\/v2\/users\/1"}],"replies":[{"embeddable":true,"href":"http:\/\/bekirkivrim.com.tr\/index.php\/wp-json\/wp\/v2\/comments?post=1350"}],"version-history":[{"count":1,"href":"http:\/\/bekirkivrim.com.tr\/index.php\/wp-json\/wp\/v2\/posts\/1350\/revisions"}],"predecessor-version":[{"id":1351,"href":"http:\/\/bekirkivrim.com.tr\/index.php\/wp-json\/wp\/v2\/posts\/1350\/revisions\/1351"}],"wp:featuredmedia":[{"embeddable":true,"href":"http:\/\/bekirkivrim.com.tr\/index.php\/wp-json\/wp\/v2\/media\/1353"}],"wp:attachment":[{"href":"http:\/\/bekirkivrim.com.tr\/index.php\/wp-json\/wp\/v2\/media?parent=1350"}],"wp:term":[{"taxonomy":"category","embeddable":true,"href":"http:\/\/bekirkivrim.com.tr\/index.php\/wp-json\/wp\/v2\/categories?post=1350"},{"taxonomy":"post_tag","embeddable":true,"href":"http:\/\/bekirkivrim.com.tr\/index.php\/wp-json\/wp\/v2\/tags?post=1350"}],"curies":[{"name":"wp","href":"https:\/\/api.w.org\/{rel}","templated":true}]}}