{"id":1352,"date":"2024-02-29T15:18:02","date_gmt":"2024-02-29T12:18:02","guid":{"rendered":"https:\/\/bekirkivrim.com.tr\/?p=1352"},"modified":"2024-02-29T15:18:02","modified_gmt":"2024-02-29T12:18:02","slug":"dosemealtina-teleferik-vaadi","status":"publish","type":"post","link":"http:\/\/bekirkivrim.com.tr\/index.php\/2024\/02\/29\/dosemealtina-teleferik-vaadi\/","title":{"rendered":"D\u00f6\u015femealt\u0131&#8217;na teleferik vaadi"},"content":{"rendered":"\n<h4 class=\"wp-block-heading\">AKP D\u00f6\u015femealt\u0131 Belediye Ba\u015fkan aday\u0131 Bekir K\u0131vr\u0131m, Termessos\u2019a teleferik yapacaklar\u0131n\u0131 belirterek, \u201c10 bin civar\u0131nda ba\u015farabilirsek buraya teleferik kuraca\u011f\u0131z. Bu say\u0131s\u0131 100 bine \u00e7\u0131karmak istiyoruz. Bu teleferi\u011fi ise bakanl\u0131k ve b\u00fcy\u00fck\u015fehir belediyesi ortak olarak yapaca\u011f\u0131z\u201d dedi.<\/h4>\n\n\n\n<figure class=\"wp-block-image\"><img decoding=\"async\" src=\"https:\/\/akdenizgercekcomtr.teimg.com\/crop\/1280x720\/akdenizgercek-com-tr\/uploads\/2024\/02\/dosemealti-adayindan-teleferik-vaadi.png\" alt=\"D\u00f6\u015femealt\u0131'na teleferik vaadi\"\/><\/figure>\n\n\n\n<p>AKP&nbsp;<a href=\"https:\/\/www.akdenizgercek.com.tr\/haberleri\/dosemealti\" target=\"_blank\" rel=\"noreferrer noopener\">D\u00f6\u015femealt\u0131<\/a>&nbsp;Belediye Ba\u015fkan aday\u0131&nbsp;<a href=\"https:\/\/www.akdenizgercek.com.tr\/haberleri\/bekir-kivrim\" target=\"_blank\" rel=\"noreferrer noopener\">Bekir K\u0131vr\u0131m<\/a>, Termessos\u2019a&nbsp;<a href=\"https:\/\/www.akdenizgercek.com.tr\/haberleri\/teleferik\" target=\"_blank\" rel=\"noreferrer noopener\">teleferik<\/a>&nbsp;yapacaklar\u0131n\u0131 belirterek, \u201c10 bin civar\u0131nda ba\u015farabilirsek buraya teleferik kuraca\u011f\u0131z. Bu say\u0131s\u0131 100 bine \u00e7\u0131karmak istiyoruz. Bu teleferi\u011fi ise bakanl\u0131k ve b\u00fcy\u00fck\u015fehir belediyesi ortak olarak yapaca\u011f\u0131z\u201d dedi.<\/p>\n\n\n\n<p>AKP D\u00f6\u015femealt\u0131 Belediye Ba\u015fkan Aday\u0131 Bekir K\u0131vr\u0131m, Hilmi Beken Tesisleri&#8217;nde d\u00fczenlenen bas\u0131n toplant\u0131s\u0131nda D\u00f6\u015femealt\u0131\u2019n\u0131n temel sorunlar\u0131ndan bahsetti. \u0130l\u00e7enin b\u00fcy\u00fck sorunlar\u0131n\u0131 \u00e7\u00f6zeceklerini dile getiren Bekir K\u0131vr\u0131m yapt\u0131\u011f\u0131 konu\u015fmada, \u201cUzun y\u0131llar parti i\u00e7erisinde siyaset yapt\u0131m. Bunun 6 y\u0131l\u0131 il\u00e7e ba\u015fkanl\u0131\u011f\u0131 olarak ge\u00e7ti. Partimizin belediye ba\u015fkan aday\u0131 oldum, umar\u0131m 31 Mart\u2019ta da se\u00e7imi kazanarak belediye ba\u015fkan\u0131 olurum. D\u00f6\u015femealt\u0131\u2019n\u0131n b\u00fcy\u00fck sorunlar\u0131n\u0131 \u00e7\u00f6zece\u011fiz. Halk\u0131m\u0131z\u0131n tevecc\u00fch g\u00f6stererek g\u00f6rev vermesi halinde Hakan T\u00fct\u00fcnc\u00fc ba\u015fkan\u0131m\u0131z\u0131n dedi\u011fi gibi g\u00fc\u00e7l\u00fc olursak, hem h\u00fck\u00fcmet deste\u011fimiz hem B\u00fcy\u00fck\u015fehir deste\u011fimizle D\u00f6\u015femealt\u0131\u2019n\u0131n bir \u00e7ok sorununu \u00e7\u00f6zece\u011fimize inan\u0131yoruz\u201d dedi.<\/p>\n\n\n\n<h2 class=\"wp-block-heading\">Nakit ak\u0131\u015f\u0131 dengesini sa\u011flayaca\u011f\u0131z<\/h2>\n\n\n\n<p>&#8220;D\u00f6\u015femealt\u0131\u2019n\u0131n en b\u00fcy\u00fck sorunu nedir?&#8221; sorusuna cevap veren K\u0131vr\u0131m, \u201cD\u00f6\u015femealt\u0131 Belediyesi\u2019nin nakit ak\u0131\u015f dengesini yerine getirece\u011fiz. Maddi krizi \u00e7\u00f6zece\u011fiz. Bu ay personel maa\u015flar\u0131n\u0131n \u00fc\u00e7te birini alabildi. Ard\u0131ndan en b\u00fcy\u00fck problemimiz yol, yol i\u015fini \u00e7\u00f6zmemiz laz\u0131m\u201d diye cevap verdi.<\/p>\n\n\n\n<h2 class=\"wp-block-heading\">Bir g\u00fcn herkes D\u00f6\u015femealt\u0131&#8217;na gelecek<\/h2>\n\n\n\n<p>Antalya bas\u0131n\u0131n sorular\u0131n\u0131 yan\u0131tlayan Bekir K\u0131vr\u0131m,&nbsp;\u2018D\u00f6\u015femealt\u0131\u2019n\u0131n konut sorunu oldu\u011funu d\u00fc\u015f\u00fcn\u00fcyor musunuz?\u2019 sorusuna \u201cD\u00f6\u015femealt\u0131\u2019n\u0131n \u00f6n\u00fcm\u00fczdeki 35 y\u0131l\u0131 in\u015faat ile ge\u00e7ecek. \u0130\u015flenen parsel y\u00fczdesi 25. Geri kalan parseller i\u015flenmedi. Antalya\u2019n\u0131n kuzeyine herkes gelecek. Antalya\u2019n\u0131n do\u011fusu ve bat\u0131s\u0131 doldu. Kuzeyine herkes gelecek. Bug\u00fcn olmazsa yar\u0131n\u201d cevab\u0131n\u0131 verdi.<\/p>\n\n\n\n<h2 class=\"wp-block-heading\">D\u00f6\u015femealt\u0131 hakk\u0131n\u0131 alacak<\/h2>\n\n\n\n<p>Ba\u015fkan aday\u0131 K\u0131vr\u0131m, \u201cD\u00f6\u015femealt\u0131\u2019n\u0131n 10 b\u00f6lgesinde yapaca\u011f\u0131m\u0131z at\u0131l\u0131mlarla D\u00f6\u015femealt\u0131 turizmden hak etti\u011fi pay\u0131 alacak. Termessos \u00e7ok dikey orada y\u0131ll\u0131k ziyaret say\u0131s\u0131 10 bin civar\u0131nda ba\u015farabilirsek buraya teleferik kuraca\u011f\u0131z. Bu say\u0131s\u0131 100 bine \u00e7\u0131karmak istiyoruz. Bu teleferi\u011fi ise bakanl\u0131k ve b\u00fcy\u00fck\u015fehir belediyesi ortak olarak yapaca\u011f\u0131z. \u0130\u015fletmesi de belediyenin olacak\u201d dedi<\/p>\n\n\n\n<p><a href=\"https:\/\/www.akdenizgercek.com.tr\/dosemealtina-teleferik-vaadi\">https:\/\/www.akdenizgercek.com.tr\/dosemealtina-teleferik-vaadi<\/a><\/p>\n","protected":false},"excerpt":{"rendered":"<p>AKP D\u00f6\u015femealt\u0131 Belediye Ba\u015fkan aday\u0131 Bekir K\u0131vr\u0131m, Termessos\u2019a teleferik yapacaklar\u0131n\u0131 belirterek, \u201c10 bin civar\u0131nda ba\u015farabilirsek buraya teleferik kuraca\u011f\u0131z. Bu say\u0131s\u0131 100 bine \u00e7\u0131karmak istiyoruz. Bu teleferi\u011fi ise bakanl\u0131k ve b\u00fcy\u00fck\u015fehir belediyesi ortak olarak yapaca\u011f\u0131z\u201d dedi. AKP&nbsp;D\u00f6\u015femealt\u0131&nbsp;Belediye Ba\u015fkan aday\u0131&nbsp;Bekir K\u0131vr\u0131m, Termessos\u2019a&nbsp;teleferik&nbsp;yapacaklar\u0131n\u0131 belirterek, \u201c10 bin civar\u0131nda ba\u015farabilirsek buraya teleferik kuraca\u011f\u0131z. Bu say\u0131s\u0131&#8230;<\/p>\n","protected":false},"author":1,"featured_media":1354,"comment_status":"open","ping_status":"open","sticky":false,"template":"","format":"standard","meta":{"footnotes":""},"categories":[1],"tags":[],"class_list":["post-1352","post","type-post","status-publish","format-standard","has-post-thumbnail","hentry","category-genel"],"_links":{"self":[{"href":"http:\/\/bekirkivrim.com.tr\/index.php\/wp-json\/wp\/v2\/posts\/1352","targetHints":{"allow":["GET"]}}],"collection":[{"href":"http:\/\/bekirkivrim.com.tr\/index.php\/wp-json\/wp\/v2\/posts"}],"about":[{"href":"http:\/\/bekirkivrim.com.tr\/index.php\/wp-json\/wp\/v2\/types\/post"}],"author":[{"embeddable":true,"href":"http:\/\/bekirkivrim.com.tr\/index.php\/wp-json\/wp\/v2\/users\/1"}],"replies":[{"embeddable":true,"href":"http:\/\/bekirkivrim.com.tr\/index.php\/wp-json\/wp\/v2\/comments?post=1352"}],"version-history":[{"count":1,"href":"http:\/\/bekirkivrim.com.tr\/index.php\/wp-json\/wp\/v2\/posts\/1352\/revisions"}],"predecessor-version":[{"id":1355,"href":"http:\/\/bekirkivrim.com.tr\/index.php\/wp-json\/wp\/v2\/posts\/1352\/revisions\/1355"}],"wp:featuredmedia":[{"embeddable":true,"href":"http:\/\/bekirkivrim.com.tr\/index.php\/wp-json\/wp\/v2\/media\/1354"}],"wp:attachment":[{"href":"http:\/\/bekirkivrim.com.tr\/index.php\/wp-json\/wp\/v2\/media?parent=1352"}],"wp:term":[{"taxonomy":"category","embeddable":true,"href":"http:\/\/bekirkivrim.com.tr\/index.php\/wp-json\/wp\/v2\/categories?post=1352"},{"taxonomy":"post_tag","embeddable":true,"href":"http:\/\/bekirkivrim.com.tr\/index.php\/wp-json\/wp\/v2\/tags?post=1352"}],"curies":[{"name":"wp","href":"https:\/\/api.w.org\/{rel}","templated":true}]}}