{"id":1356,"date":"2024-02-29T15:28:55","date_gmt":"2024-02-29T12:28:55","guid":{"rendered":"https:\/\/bekirkivrim.com.tr\/?p=1356"},"modified":"2024-02-29T15:28:56","modified_gmt":"2024-02-29T12:28:56","slug":"bekir-kivramdan-sanayi-esnafina-ziyaret","status":"publish","type":"post","link":"http:\/\/bekirkivrim.com.tr\/index.php\/2024\/02\/29\/bekir-kivramdan-sanayi-esnafina-ziyaret\/","title":{"rendered":"Bekir K\u0131vram\u2019dan sanayi esnaf\u0131na ziyaret"},"content":{"rendered":"\n<figure class=\"wp-block-image\"><img decoding=\"async\" src=\"https:\/\/www.haberseri.com\/upload\/haber\/bekir-kivram-dan-sanayi-esnafina-ziyaret-1709200524.jpg\" alt=\"Bekir K\u0131vram\u2019dan sanayi esnaf\u0131na ziyaret\"\/><\/figure>\n\n\n\n<p><\/p>\n\n\n\n<p>Cumhur \u0130ttifak\u0131 D\u00f6\u015femealt\u0131 Belediye Ba\u015fkan Aday\u0131 Bekir K\u0131vr\u0131m se\u00e7im \u00e7al\u0131\u015fmalar\u0131n\u0131 aral\u0131ks\u0131z s\u00fcrd\u00fcr\u00fcyor. K\u0131vr\u0131m, D\u00f6\u015femealt\u0131 Sanayi esnaf\u0131 ile bir araya gelerek sorunlar\u0131n\u0131 dinledi ve \u00e7\u00f6z\u00fcm \u00f6nerilerini anlatt\u0131.\u00a0<\/p>\n\n\n\n<p>31 Mart yerel se\u00e7imlerine 31 g\u00fcn kala Cumhur \u0130ttifak\u0131 D\u00f6\u015femealt\u0131 Belediye Ba\u015fkan Aday\u0131 Bekir K\u0131vr\u0131m tempoyu artt\u0131rd\u0131. D\u00f6\u015femealt\u0131\u2019n\u0131 ad\u0131m ad\u0131m gezen, \u00e7almad\u0131k kap\u0131, s\u0131k\u0131lmad\u0131k el b\u0131rakmayan Ba\u015fkan Aday\u0131 K\u0131vr\u0131m, D\u00f6\u015femealt\u0131 sanayi sitesi esnaf\u0131 ile bir araya geldi.&nbsp;<\/p>\n\n\n\n<p>\u201cESNAFIMIZIN SORUNLARINI \u00c7OK \u0130Y\u0130 B\u0130L\u0130YORUZ\u201d<\/p>\n\n\n\n<p>Gitti\u011fi her yerde b\u00fcy\u00fck bir tevecc\u00fch g\u00f6sterilen Bekir K\u0131vr\u0131m\u2019a sanayi esnaf\u0131 da yo\u011fun ilgi g\u00f6sterdi. Kahvalt\u0131 etkinli\u011finde projelerini anlatan ve talepleri dinleyen K\u0131vr\u0131m, T\u00fcrkiye Y\u00fczy\u0131l\u0131\u2019na yak\u0131\u015f\u0131r bir D\u00f6\u015femealt\u0131 in\u015fa edeceklerini s\u00f6yledi.&nbsp; Cumhur \u0130ttifak\u0131 D\u00f6\u015femealt\u0131 Belediye Ba\u015fkan Aday\u0131 Bekir K\u0131vr\u0131m, \u201cD\u00f6\u015femealt\u0131\u2019m\u0131z ne yaz\u0131k ki 10 y\u0131ld\u0131r hizmete a\u00e7 b\u0131rak\u0131ld\u0131. Hizmet al\u0131namayan yerlerin ba\u015f\u0131nda da sanayimiz geliyor. Sanayi bir il\u00e7enin can damar\u0131d\u0131r, gelir kayna\u011f\u0131d\u0131r. Bir il\u00e7enin kalk\u0131nmas\u0131ndaki en \u00f6nemli fakt\u00f6rd\u00fcr. Bu noktada biz, sanayi esnaf\u0131m\u0131z\u0131n sorunlar\u0131n\u0131 \u00e7ok iyi biliyoruz. Dersimize \u00e7al\u0131\u015ft\u0131k. Projelerimiz ve ekiplerimiz haz\u0131r. Vatanda\u015flar\u0131m\u0131z\u0131n tevecc\u00fch g\u00f6stermeleri ve g\u00f6rev vermeleri halinde 1 Nisan\u2019dan itibaren esnaf\u0131m\u0131z\u0131n da y\u00fcz\u00fcn\u00fc g\u00fcld\u00fcrece\u011fiz\u201d dedi.&nbsp;<\/p>\n\n\n\n<p>Etkinlik, \u00e7ekilen hat\u0131ra foto\u011fraf\u0131n\u0131n ard\u0131ndan sona erdi.<\/p>\n\n\n\n<p><a href=\"https:\/\/www.haberseri.com\/bekir-kivram-dan-sanayi-esnafina-ziyaret_17360.html\">https:\/\/www.haberseri.com\/bekir-kivram-dan-sanayi-esnafina-ziyaret_17360.html<\/a><\/p>\n\n\n\n<p><\/p>\n","protected":false},"excerpt":{"rendered":"<p>Cumhur \u0130ttifak\u0131 D\u00f6\u015femealt\u0131 Belediye Ba\u015fkan Aday\u0131 Bekir K\u0131vr\u0131m se\u00e7im \u00e7al\u0131\u015fmalar\u0131n\u0131 aral\u0131ks\u0131z s\u00fcrd\u00fcr\u00fcyor. K\u0131vr\u0131m, D\u00f6\u015femealt\u0131 Sanayi esnaf\u0131 ile bir araya gelerek sorunlar\u0131n\u0131 dinledi ve \u00e7\u00f6z\u00fcm \u00f6nerilerini anlatt\u0131.\u00a0 31 Mart yerel se\u00e7imlerine 31 g\u00fcn kala Cumhur \u0130ttifak\u0131 D\u00f6\u015femealt\u0131 Belediye Ba\u015fkan Aday\u0131 Bekir K\u0131vr\u0131m tempoyu artt\u0131rd\u0131. D\u00f6\u015femealt\u0131\u2019n\u0131 ad\u0131m ad\u0131m gezen, \u00e7almad\u0131k kap\u0131, s\u0131k\u0131lmad\u0131k&#8230;<\/p>\n","protected":false},"author":1,"featured_media":1357,"comment_status":"open","ping_status":"open","sticky":false,"template":"","format":"standard","meta":{"footnotes":""},"categories":[1],"tags":[],"class_list":["post-1356","post","type-post","status-publish","format-standard","has-post-thumbnail","hentry","category-genel"],"_links":{"self":[{"href":"http:\/\/bekirkivrim.com.tr\/index.php\/wp-json\/wp\/v2\/posts\/1356","targetHints":{"allow":["GET"]}}],"collection":[{"href":"http:\/\/bekirkivrim.com.tr\/index.php\/wp-json\/wp\/v2\/posts"}],"about":[{"href":"http:\/\/bekirkivrim.com.tr\/index.php\/wp-json\/wp\/v2\/types\/post"}],"author":[{"embeddable":true,"href":"http:\/\/bekirkivrim.com.tr\/index.php\/wp-json\/wp\/v2\/users\/1"}],"replies":[{"embeddable":true,"href":"http:\/\/bekirkivrim.com.tr\/index.php\/wp-json\/wp\/v2\/comments?post=1356"}],"version-history":[{"count":1,"href":"http:\/\/bekirkivrim.com.tr\/index.php\/wp-json\/wp\/v2\/posts\/1356\/revisions"}],"predecessor-version":[{"id":1358,"href":"http:\/\/bekirkivrim.com.tr\/index.php\/wp-json\/wp\/v2\/posts\/1356\/revisions\/1358"}],"wp:featuredmedia":[{"embeddable":true,"href":"http:\/\/bekirkivrim.com.tr\/index.php\/wp-json\/wp\/v2\/media\/1357"}],"wp:attachment":[{"href":"http:\/\/bekirkivrim.com.tr\/index.php\/wp-json\/wp\/v2\/media?parent=1356"}],"wp:term":[{"taxonomy":"category","embeddable":true,"href":"http:\/\/bekirkivrim.com.tr\/index.php\/wp-json\/wp\/v2\/categories?post=1356"},{"taxonomy":"post_tag","embeddable":true,"href":"http:\/\/bekirkivrim.com.tr\/index.php\/wp-json\/wp\/v2\/tags?post=1356"}],"curies":[{"name":"wp","href":"https:\/\/api.w.org\/{rel}","templated":true}]}}