{"id":41,"date":"2024-01-18T11:48:32","date_gmt":"2024-01-18T08:48:32","guid":{"rendered":"http:\/\/bekirkivrim.com.tr\/?p=41"},"modified":"2024-01-22T11:52:28","modified_gmt":"2024-01-22T08:52:28","slug":"haber-1","status":"publish","type":"post","link":"http:\/\/bekirkivrim.com.tr\/index.php\/2024\/01\/18\/haber-1\/","title":{"rendered":"AK Partili il\u00e7e ba\u015fkan\u0131 g\u00f6revinden istifa ederken a\u011flad\u0131"},"content":{"rendered":"\n<p>AK Parti D\u00f6\u015femealt\u0131 \u0130l\u00e7e Ba\u015fkan\u0131 Bekir K\u0131vr\u0131m, belediye ba\u015fkan aday adayl\u0131\u011f\u0131 i\u00e7in g\u00f6revinden ayr\u0131ld\u0131.<\/p>\n\n\n\n<figure class=\"wp-block-embed is-type-video is-provider-youtube wp-block-embed-youtube wp-embed-aspect-16-9 wp-has-aspect-ratio\"><div class=\"wp-block-embed__wrapper\">\n<iframe title=\"AK Partili ba\u015fkan istifa ederken g\u00f6zya\u015flar\u0131n\u0131 tutamad\u0131!\" width=\"790\" height=\"444\" src=\"https:\/\/www.youtube.com\/embed\/0ejjlKE-iks?feature=oembed\" frameborder=\"0\" allow=\"accelerometer; autoplay; clipboard-write; encrypted-media; gyroscope; picture-in-picture; web-share\" allowfullscreen><\/iframe>\n<\/div><\/figure>\n\n\n\n<p>AK Parti&#8217;nin Antalya D\u00f6\u015femealt\u0131\u00a0\u0130l\u00e7e Ba\u015fkan\u0131 Bekir K\u0131vr\u0131m, belediye ba\u015fkan aday adayl\u0131\u011f\u0131 i\u00e7in g\u00f6revinden ayr\u0131ld\u0131. Ba\u015fkan K\u0131vr\u0131m&#8217;\u0131n istifa a\u00e7\u0131klamas\u0131n\u0131n ard\u0131ndan a\u011flad\u0131\u011f\u0131 g\u00f6r\u00fcld\u00fc.<\/p>\n\n\n\n<p>DHA&#8217;n\u0131n aktard\u0131\u011f\u0131 habere g\u00f6re; istifa karar\u0131n\u0131 parti binas\u0131nda d\u00fczenledi\u011fi toplant\u0131 ile payla\u015fan Ba\u015fkan K\u0131vr\u0131m, konu\u015fmas\u0131n\u0131n bir b\u00f6l\u00fcm\u00fcnde duyguland\u0131.<\/p>\n\n\n\n<p>K\u0131vr\u0131m, g\u00f6rev s\u00fcresi boyunca birlikte \u00e7al\u0131\u015ft\u0131\u011f\u0131 ekip arkada\u015flar\u0131na ve il\u00e7e kamuoyuna te\u015fekk\u00fcr etti\u011fi s\u0131rada a\u011flamas\u0131 dikkat \u00e7ekti. K\u0131vr\u0131m&#8217;a salonda bulunanlar alk\u0131\u015flar\u0131yla destek verirken baz\u0131 parti \u00fcyelerinin de a\u011flamas\u0131 dikkatlerden ka\u00e7mad\u0131.\u00a0<\/p>\n\n\n\n<p><a href=\"https:\/\/www.gazeteduvar.com.tr\/ak-partili-ilce-baskani-gorevinden-istifa-ederken-agladi-haber-1635267\">https:\/\/www.gazeteduvar.com.tr\/ak-partili-ilce-baskani-gorevinden-istifa-ederken-agladi-haber-1635267<\/a><\/p>\n","protected":false},"excerpt":{"rendered":"<p>AK Parti D\u00f6\u015femealt\u0131 \u0130l\u00e7e Ba\u015fkan\u0131 Bekir K\u0131vr\u0131m, belediye ba\u015fkan aday adayl\u0131\u011f\u0131 i\u00e7in g\u00f6revinden ayr\u0131ld\u0131. AK Parti&#8217;nin Antalya D\u00f6\u015femealt\u0131\u00a0\u0130l\u00e7e Ba\u015fkan\u0131 Bekir K\u0131vr\u0131m, belediye ba\u015fkan aday adayl\u0131\u011f\u0131 i\u00e7in g\u00f6revinden ayr\u0131ld\u0131. Ba\u015fkan K\u0131vr\u0131m&#8217;\u0131n istifa a\u00e7\u0131klamas\u0131n\u0131n ard\u0131ndan a\u011flad\u0131\u011f\u0131 g\u00f6r\u00fcld\u00fc. DHA&#8217;n\u0131n aktard\u0131\u011f\u0131 habere g\u00f6re; istifa karar\u0131n\u0131 parti binas\u0131nda d\u00fczenledi\u011fi toplant\u0131 ile payla\u015fan Ba\u015fkan K\u0131vr\u0131m, konu\u015fmas\u0131n\u0131n&#8230;<\/p>\n","protected":false},"author":1,"featured_media":97,"comment_status":"closed","ping_status":"open","sticky":false,"template":"","format":"standard","meta":{"footnotes":""},"categories":[1],"tags":[],"class_list":["post-41","post","type-post","status-publish","format-standard","has-post-thumbnail","hentry","category-genel"],"_links":{"self":[{"href":"http:\/\/bekirkivrim.com.tr\/index.php\/wp-json\/wp\/v2\/posts\/41","targetHints":{"allow":["GET"]}}],"collection":[{"href":"http:\/\/bekirkivrim.com.tr\/index.php\/wp-json\/wp\/v2\/posts"}],"about":[{"href":"http:\/\/bekirkivrim.com.tr\/index.php\/wp-json\/wp\/v2\/types\/post"}],"author":[{"embeddable":true,"href":"http:\/\/bekirkivrim.com.tr\/index.php\/wp-json\/wp\/v2\/users\/1"}],"replies":[{"embeddable":true,"href":"http:\/\/bekirkivrim.com.tr\/index.php\/wp-json\/wp\/v2\/comments?post=41"}],"version-history":[{"count":3,"href":"http:\/\/bekirkivrim.com.tr\/index.php\/wp-json\/wp\/v2\/posts\/41\/revisions"}],"predecessor-version":[{"id":98,"href":"http:\/\/bekirkivrim.com.tr\/index.php\/wp-json\/wp\/v2\/posts\/41\/revisions\/98"}],"wp:featuredmedia":[{"embeddable":true,"href":"http:\/\/bekirkivrim.com.tr\/index.php\/wp-json\/wp\/v2\/media\/97"}],"wp:attachment":[{"href":"http:\/\/bekirkivrim.com.tr\/index.php\/wp-json\/wp\/v2\/media?parent=41"}],"wp:term":[{"taxonomy":"category","embeddable":true,"href":"http:\/\/bekirkivrim.com.tr\/index.php\/wp-json\/wp\/v2\/categories?post=41"},{"taxonomy":"post_tag","embeddable":true,"href":"http:\/\/bekirkivrim.com.tr\/index.php\/wp-json\/wp\/v2\/tags?post=41"}],"curies":[{"name":"wp","href":"https:\/\/api.w.org\/{rel}","templated":true}]}}